{"id":4736,"date":"2016-08-25T16:17:19","date_gmt":"2016-08-25T14:17:19","guid":{"rendered":"http:\/\/lhommevrai-diffusion.com\/OHV\/laventure-et-la-liberte-copy\/"},"modified":"2019-10-20T00:03:22","modified_gmt":"2019-10-19T22:03:22","slug":"comment-apprehender-le-deces","status":"publish","type":"post","link":"https:\/\/lhommevrai-diffusion.com\/OHV\/comment-apprehender-le-deces\/","title":{"rendered":"Comment appr\u00e9hender le d\u00e9c\u00e8s d\u2019un proche"},"content":{"rendered":"<!--themify_builder_content-->\n<div id=\"themify_builder_content-4736\" data-postid=\"4736\" class=\"themify_builder_content themify_builder_content-4736 themify_builder tf_clear\">\n                    <div  data-lazy=\"1\" class=\"module_row themify_builder_row tb_vkf3668 tb_first tf_w\">\n                        <div class=\"row_inner col_align_top tb_col_count_1 tf_box tf_rel\">\n                        <div  data-lazy=\"1\" class=\"module_column tb-column col-full tb_33it600 first\">\n                    <!-- module text -->\n<div  class=\"module module-text tb_8pwc000  repeat \" data-lazy=\"1\">\n    <h3 class=\"module-title\">Conf\u00e9rence t\u00e9l\u00e9phonique anim\u00e9e par Christophe Yann<\/h3>    <div  class=\"tb_text_wrap\">\n        <h3>Comment appr\u00e9hender le d\u00e9c\u00e8s d&#8217;un proche<\/h3>\n<p>Samedi 27 ao\u00fbt 2016<\/p>    <\/div>\n<\/div>\n<!-- \/module text -->        <div  data-lazy=\"1\" class=\"module_subrow themify_builder_sub_row tf_w col_align_top tb_col_count_2 tb_7rlu106\">\n                <div  data-lazy=\"1\" class=\"module_column sub_column col4-2 tb_dcoo009 first\">\n                    <!-- module image -->\n<div  class=\"module module-image tb_a6n0996 image-center   auto_fullwidth tf_mw\" data-lazy=\"1\">\n        <div class=\"image-wrap tf_rel tf_mw\">\n            <img data-recalc-dims=\"1\" decoding=\"async\" src=\"https:\/\/i0.wp.com\/lhommevrai-diffusion.com\/OHV\/wp-content\/uploads\/2016\/08\/girl-1561943_1920.jpg?w=1165\" title=\"Comment appr\u00e9hender le d\u00e9c\u00e8s d\u2019un proche\" alt=\"Comment appr\u00e9hender le d\u00e9c\u00e8s d\u2019un proche\">    \n        <\/div>\n    <!-- \/image-wrap -->\n    \n        <\/div>\n<!-- \/module image --><!-- module text -->\n<div  class=\"module module-text tb_hhln060  repeat \" data-lazy=\"1\">\n        <div  class=\"tb_text_wrap\">\n        <h3>L\u2019enregistrement de cette conf\u00e9rence fait partie d\u2019un cursus disponible en ligne.<\/h3>    <\/div>\n<\/div>\n<!-- \/module text --><!-- module feature -->\n<div  class=\"module module-feature tb_s1x5900 with-chart layout-icon-top size-large \" data-layout-mobile=\"icon-top\" data-layout-desktop=\"icon-top\" data-lazy=\"1\">\n        <div class=\"module-feature-image tf_textc tf_rel\">\n                            <a href=\"http:\/\/lhommevrai-diffusion.com\/OHV\/courses\/cycle-de-conferences-2016\/\" aria-label=\"INSCRIPTION\">\n                        <span class=\"module-feature-chart-html5 tf_box tf_rel tf_inline_b\">\n                                    <svg class=\"tf_abs tf_w tf_h\">\n                    <circle class=\"tb_feature_fill\" r=\"calc(50% - 1.00px)\" cx=\"50%\" cy=\"50%\" stroke-width=\"2\"\/>\n                    <circle class=\"tb_feature_stroke\" r=\"calc(50% - 1.00px)\" cx=\"50%\" cy=\"50%\" stroke=\"#7308d1\" stroke-width=\"2\" data-progress=\"100\" stroke-dasharray=\"0,10000\"\/>\n                                        <\/svg>\n                                <span class=\"chart-html5-circle tf_w tf_h\">\n                                            <em class=\"module-feature-icon tf_rel\" style=\"color:#000\"><svg  class=\"tf_fa tf-fas-sign-in\" aria-hidden=\"true\"><use href=\"#tf-fas-sign-in\"><\/use><\/svg><\/em>\n                                    <\/span>\n\n                \n            <\/span>\n                        <\/a>\n            <\/div>\n    <div class=\"module-feature-content tf_textc\">\n                    <h3 class=\"module-feature-title\">\n                            <a href=\"http:\/\/lhommevrai-diffusion.com\/OHV\/courses\/cycle-de-conferences-2016\/\" aria-label=\"INSCRIPTION\">INSCRIPTION<\/a>\n                        <\/h3>\n                    <div class=\"tb_text_wrap\">\n                    <\/div>\n    <\/div>\n<\/div>\n<!-- \/module feature -->\n<!-- module post -->\n<div  class=\"module module-post tb_mpem444 \">\n    <div  class=\"builder-posts-wrap loops-wrapper list-post classic tf_clear tf_clearfix\" data-lazy=\"1\">\n        <\/div><!-- .builder-posts-wrap -->\n            <\/div>\n<!-- \/module post -->\n            <\/div>\n                    <div  data-lazy=\"1\" class=\"module_column sub_column col4-2 tb_5wq1051 last\">\n                    <!-- module text -->\n<div  class=\"module module-text tb_ar9e066  repeat \" data-lazy=\"1\">\n        <div  class=\"tb_text_wrap\">\n        <h3>\u00a0<\/h3>\n<h3>Ce sujet a \u00e9t\u00e9 demand\u00e9 par l&#8217;une de nos participantes dont la famille a \u00e9t\u00e9 touch\u00e9e par la disparition soudaine d&#8217;une adolescente.\u00a0<\/h3>\n<h3>Comment faire face et comment aider les proches dans une telle situation ? Sujet d&#8217;actualit\u00e9 pour de nombreuses familles !<\/h3>\n<h3><span style=\"text-align: justify; font-size: 16px; line-height: 1.5;\"> Nous vous proposons d&#8217;\u00e9changer sur ce sujet lors de la prochaine conf\u00e9rence anim\u00e9e par Christophe Yann.\u00a0<\/span><\/h3>\n<h3 style=\"text-align: justify;\">Rendez-vous avec <a href=\"http:\/\/lhommevrai-diffusion.com\/OHV\/maison-dedition\/auteurs\/christophe-yann\/\" target=\"_blank\" rel=\"noopener\">Christophe Yann<\/a>, auteur, formateur<\/h3>    <\/div>\n<\/div>\n<!-- \/module text -->        <\/div>\n                    <\/div>\n                <\/div>\n                        <\/div>\n        <\/div>\n                        <div  data-lazy=\"1\" class=\"module_row themify_builder_row tb_lpc9346 tf_w\">\n                        <div class=\"row_inner col_align_top tb_col_count_1 tf_box tf_rel\">\n                        <div  data-lazy=\"1\" class=\"module_column tb-column col-full tb_10xo760 first\">\n                    <!-- module text -->\n<div  class=\"module module-text tb_2zkk464   \" data-lazy=\"1\">\n        <div  class=\"tb_text_wrap\">\n        <p style=\"text-align: center;\"><div style='display:none;' class='shareaholic-canvas' data-app='share_buttons' data-title='Comment appr\u00e9hender le d\u00e9c\u00e8s d\u2019un proche' data-link='https:\/\/lhommevrai-diffusion.com\/OHV\/comment-apprehender-le-deces\/' data-app-id='307594'><\/div><\/p>    <\/div>\n<\/div>\n<!-- \/module text -->        <\/div>\n                        <\/div>\n        <\/div>\n        <\/div>\n<!--\/themify_builder_content-->","protected":false},"excerpt":{"rendered":"<p>Conf\u00e9rence t\u00e9l\u00e9phonique anim\u00e9e par Christophe Yann Comment appr\u00e9hender le d\u00e9c\u00e8s d&#8217;un proche Samedi 27 ao\u00fbt 2016 L\u2019enregistrement de cette conf\u00e9rence fait partie d\u2019un cursus disponible en ligne. INSCRIPTION \u00a0 Ce sujet a \u00e9t\u00e9 demand\u00e9 par l&#8217;une de nos participantes dont la famille a \u00e9t\u00e9 touch\u00e9e par la disparition soudaine d&#8217;une adolescente.\u00a0 Comment faire face et [&hellip;]<\/p>\n","protected":false},"author":1,"featured_media":4739,"comment_status":"closed","ping_status":"closed","sticky":false,"template":"","format":"standard","meta":{"_bbp_topic_count":0,"_bbp_reply_count":0,"_bbp_total_topic_count":0,"_bbp_total_reply_count":0,"_bbp_voice_count":0,"_bbp_anonymous_reply_count":0,"_bbp_topic_count_hidden":0,"_bbp_reply_count_hidden":0,"_bbp_forum_subforum_count":0,"jetpack_post_was_ever_published":false,"_jetpack_newsletter_access":"","_jetpack_dont_email_post_to_subs":true,"_jetpack_newsletter_tier_id":0,"_jetpack_memberships_contains_paywalled_content":false,"_jetpack_memberships_contains_paid_content":false,"footnotes":"","jetpack_publicize_message":"","jetpack_publicize_feature_enabled":true,"jetpack_social_post_already_shared":true,"jetpack_social_options":{"image_generator_settings":{"template":"highway","default_image_id":0,"font":"","enabled":false},"version":2}},"categories":[25,152],"tags":[],"class_list":["post-4736","post","type-post","status-publish","format-standard","has-post-thumbnail","hentry","category-actualite","category-conference-telephonique","has-post-title","has-post-date","has-post-category","has-post-tag","has-post-comment","has-post-author",""],"jetpack_publicize_connections":[],"jetpack_featured_media_url":"https:\/\/i0.wp.com\/lhommevrai-diffusion.com\/OHV\/wp-content\/uploads\/2016\/08\/girl-1561943_1920.jpg?fit=1920%2C1279&ssl=1","jetpack_shortlink":"https:\/\/wp.me\/p77fPY-1eo","jetpack_sharing_enabled":true,"_links":{"self":[{"href":"https:\/\/lhommevrai-diffusion.com\/OHV\/wp-json\/wp\/v2\/posts\/4736","targetHints":{"allow":["GET"]}}],"collection":[{"href":"https:\/\/lhommevrai-diffusion.com\/OHV\/wp-json\/wp\/v2\/posts"}],"about":[{"href":"https:\/\/lhommevrai-diffusion.com\/OHV\/wp-json\/wp\/v2\/types\/post"}],"author":[{"embeddable":true,"href":"https:\/\/lhommevrai-diffusion.com\/OHV\/wp-json\/wp\/v2\/users\/1"}],"replies":[{"embeddable":true,"href":"https:\/\/lhommevrai-diffusion.com\/OHV\/wp-json\/wp\/v2\/comments?post=4736"}],"version-history":[{"count":16,"href":"https:\/\/lhommevrai-diffusion.com\/OHV\/wp-json\/wp\/v2\/posts\/4736\/revisions"}],"predecessor-version":[{"id":5904,"href":"https:\/\/lhommevrai-diffusion.com\/OHV\/wp-json\/wp\/v2\/posts\/4736\/revisions\/5904"}],"wp:featuredmedia":[{"embeddable":true,"href":"https:\/\/lhommevrai-diffusion.com\/OHV\/wp-json\/wp\/v2\/media\/4739"}],"wp:attachment":[{"href":"https:\/\/lhommevrai-diffusion.com\/OHV\/wp-json\/wp\/v2\/media?parent=4736"}],"wp:term":[{"taxonomy":"category","embeddable":true,"href":"https:\/\/lhommevrai-diffusion.com\/OHV\/wp-json\/wp\/v2\/categories?post=4736"},{"taxonomy":"post_tag","embeddable":true,"href":"https:\/\/lhommevrai-diffusion.com\/OHV\/wp-json\/wp\/v2\/tags?post=4736"}],"curies":[{"name":"wp","href":"https:\/\/api.w.org\/{rel}","templated":true}]}}